{"id":1364,"date":"2024-10-18T15:02:37","date_gmt":"2024-10-18T13:02:37","guid":{"rendered":"https:\/\/jodykorbach.de\/werk\/?p=1364"},"modified":"2025-01-12T15:11:28","modified_gmt":"2025-01-12T14:11:28","slug":"soft-targets","status":"publish","type":"post","link":"https:\/\/jodykorbach.de\/werk\/2024\/10\/18\/soft-targets\/","title":{"rendered":"Soft Targets"},"content":{"rendered":"\t\t<div data-elementor-type=\"wp-post\" data-elementor-id=\"1364\" class=\"elementor elementor-1364\" data-elementor-post-type=\"post\">\n\t\t\t\t\t\t<section class=\"elementor-section elementor-top-section elementor-element elementor-element-119c4243 elementor-section-boxed elementor-section-height-default elementor-section-height-default\" data-id=\"119c4243\" data-element_type=\"section\" data-e-type=\"section\">\n\t\t\t\t\t\t<div class=\"elementor-container elementor-column-gap-default\">\n\t\t\t\t\t<div class=\"elementor-column elementor-col-100 elementor-top-column elementor-element elementor-element-7f4fac77\" data-id=\"7f4fac77\" data-element_type=\"column\" data-e-type=\"column\">\n\t\t\t<div class=\"elementor-widget-wrap elementor-element-populated\">\n\t\t\t\t\t\t<div class=\"elementor-element elementor-element-ffe2514 elementor-widget elementor-widget-text-editor\" data-id=\"ffe2514\" data-element_type=\"widget\" data-e-type=\"widget\" data-widget_type=\"text-editor.default\">\n\t\t\t\t<div class=\"elementor-widget-container\">\n\t\t\t\t\t\t\t\t\t<p><\/p>\n<p>Gruppenausstellung in der Galerie MARTINETZ, K\u00f6ln<br \/><sub>[English below]<\/sub><\/p>\n<p><\/p>\n<p><\/p>\n<p><strong>Jonas H\u00f6schl<\/strong><br \/><strong>IRWIN<\/strong><br \/><strong>Jody Korbach<\/strong><\/p>\n<p><\/p>\n<p><\/p>\n<h2 class=\"wp-block-heading\">18.10.-30.11.2024<br \/>FINISSAGE mit K\u00fcnstlergespr\u00e4ch 30.11. | 16 Uhr<\/h2>\n<p><\/p>\n<p><\/p>\n<div class=\"module-container-custom module-container-root\">\n<div class=\"text-root text-5fb86f7e-1a52-4a28-9577-3cffd90a5e6b\">\n<div>\n<p><span class=\"theming-custom\">Im Dezember 1915 wurde in einer St. Petersburger Ausstellung mit dem ikonoklastisch anmutenden Namen \u203aLetzte futuristische Ausstellung 0,10\u2039 ein in seiner Bildsprache buchst\u00e4blich ikonoklastisches Gem\u00e4lde Kasimir Malewitschs erstmals der \u00d6ffentlichkeit gezeigt: Das \u00bbSchwarze Quadrat auf wei\u00dfen Grund\u00ab. Diese radikale formale Abstraktion war mehr als nur ein Bruch mit der figurativen Malerei, sie markierte den Beginn einer neuen politischen \u00c4sthetik. Indem Malewitsch das Quadrat in der Schau bewusst im sogenannten Herrgottswinkel platzierte, jenem Ort in russisch-orthodoxen Haushalten, der traditionell einer religi\u00f6sen Ikone vorbehalten war, erhob er das abstrakte Bild, das genau genommen die \u00dcbermalung eines figurativen Gem\u00e4ldes zeigte, zu einer Art Heiligenbild des modernen Zeitalters. Die dekonstruktive Geste dieser Bildplatzierung in einem ansonsten in Petersburger H\u00e4ngung gestalteten Galerieraum, sollte verdeutlichen, dass die Kunst sich nicht l\u00e4nger nur auf narrative oder repr\u00e4sentative Inhalte beschr\u00e4nkte, sondern ein radikales Potenzial zur Transformation von Wahrnehmung und Gesellschaft in sich trug. In der Kunstgeschichte der darauffolgenden Jahrzehnte transzendierte Abstraktion zur politischen Aussage, da sie die Macht der Form \u00fcber die blo\u00dfe Darstellung setzte und damit die Frage aufwarf, wie Kunst und das Politische miteinander verwoben sind, ja, bisweilen miteinander konkurrieren.<\/span><br \/><br \/><span class=\"theming-custom\">Das \u00bbSchwarze Quadrat\u00ab \u00fcberdauerte die politischen, gesellschaftlichen, medienhistorischen und k\u00fcnstlerischen Revolutionen des 20. Jahrhunderts. Doch die radikale Abstraktion st\u00f6\u00dft angesichts der komplexen gesellschaftlichen Herausforderungen unserer Zeit gleichfalls an ihre Grenzen. In der Ausstellung \u00bbSoft Targets\u00ab wird diese Radikalit\u00e4t der Abstraktion teilweise wieder r\u00fcckg\u00e4ngig gemacht, sogar auf die Spitze getrieben und das Kruzifix, wie in der Arbeit \u00bbBlack Square\u00ab (2015) von IRWIN, wieder in die Ecke gesetzt, und zwar in die Ecke des schwarzen Quadrates. Die Arbeiten des K\u00fcnstlerkollektivs IRWIN, von Jonas H\u00f6schl und Jody Korbach, die im Rahmen der Ausstellung \u00bbSoft Targets\u00ab in den R\u00e4umen der Galerie Petra Martinetz gezeigt werden, nutzen das politische Potenzial der Kunst als Medium der Auseinandersetzung mit aktuellen politischen und sozialen Problemen. Sie stellen Fragen sowie Argumente zu Zugeh\u00f6rigkeit und Gesellschaftskritik, zu Identit\u00e4t und Konsum zur Disposition.<\/span><br \/><br \/><span class=\"theming-custom\">\u2028Bei der Kuration der Ausstellung durch die beteiligten K\u00fcnstler:innen spielte die Petersburger H\u00e4ngung, bei der die W\u00e4nde dicht mit Kunstwerken behangen werden, als \u00fcbergreifendes Ordnungsprinzip eine wichtige Rolle. Diese Pr\u00e4sentationsform, die urspr\u00fcnglich in den Salons des 18. Jahrhunderts verwendet wurde, hat im Kontext dieser Ausstellung eine eigene Aussagekraft: Sie symbolisiert die \u00dcberflutung durch politische Reize und die komplexe Struktur, in der Inhalte an Bedeutung gewinnen. Im fr\u00fchen zwanzigsten Jahrhundert hatte sich die Kontextualisierung von Bildern in assoziativen Rastern bereits als bildwissenschaftliche Methode etabliert, namentlich etwa auf den Bildtafeln des Mnemosyne-Bilderatlas des Kunst- und Kulturhistorikers Aby Warburg (1866\u20131929). Durch das Nebeneinander der Werke in der Ausstellung \u00bbSoft Targets\u00ab, in denen die K\u00fcnstler:innen jeweils in ihrer eigenen Bildsprache operieren, entsteht ein visuelles Bezugssystem, das Verbindungen zwischen Kapitalismus, Politik und kultureller Identit\u00e4t aufdeckt \u2013 wie es etwa in den Werken von Jody Korbach deutlich wird. Jonas H\u00f6schl besch\u00e4ftigt sich in einer seiner ausgestellten Arbeiten, der druckgrafischen Serie \u00bbEurope is Lost\u00ab (2018) mit menschlichen Schicksalen, politischen Machtk\u00e4mpfen und der medialen Darstellung dieser Ereignisse. F\u00fcr die k\u00fcnstlerische Arbeit des K\u00fcnstlerkollektivs IRWIN ist dar\u00fcber hinaus die Verwendung von bereits bestehendem Bildmaterial als visuelle Samples von zentraler Bedeutung \u2013 ein reproduzierendes Vorgehen, von dem etwa einhundert Jahre zuvor auch Aby Warburgs Bilderatlas profitierte.<\/span><\/p>\n<p><span class=\"theming-custom\">Gemeinsam zeigen diese drei k\u00fcnstlerischen Positionen, wie vielf\u00e4ltig und vielschichtig Kunst auf politische und gesellschaftliche Themen reagieren kann. In dieser Form l\u00e4dt die Ausstellung \u00bbSoft Targets\u00ab dazu ein, die Kraft und Bedeutung von Bildern im politischen Diskurs zu hinterfragen.<\/span><\/p>\n<p><strong><span class=\"theming-custom\"><i>Elif Aky\u00fcz, Kunsthistorikerin<\/i><\/span><\/strong><\/p>\n<\/div>\n<\/div>\n<\/div>\n<p><\/p>\n<p><\/p>\n<p><\/p>\n<p><\/p>\n<p class=\"is-layout-flow wp-block-quote-is-layout-flow\"><\/p>\n<p><\/p>\n<p><\/p>\n<p><\/p>\n<figure class=\"wp-block-image size-large\">\n<p><a href=\"https:\/\/jodykorbach.de\/wp-content\/uploads\/2025\/01\/DI_6573_small.jpg\"><img fetchpriority=\"high\" decoding=\"async\" class=\"aligncenter wp-image-1370 size-large\" src=\"https:\/\/jodykorbach.de\/wp-content\/uploads\/2025\/01\/DI_6573_small-1024x667.jpg\" alt=\"\" width=\"525\" height=\"342\" srcset=\"https:\/\/jodykorbach.de\/wp-content\/uploads\/2025\/01\/DI_6573_small-1024x667.jpg 1024w, https:\/\/jodykorbach.de\/wp-content\/uploads\/2025\/01\/DI_6573_small-300x196.jpg 300w, https:\/\/jodykorbach.de\/wp-content\/uploads\/2025\/01\/DI_6573_small-768x501.jpg 768w, https:\/\/jodykorbach.de\/wp-content\/uploads\/2025\/01\/DI_6573_small.jpg 1080w\" sizes=\"(max-width: 525px) 100vw, 525px\" \/><\/a><\/p>\n<p style=\"text-align: center;\">Ausstellungsansicht | Foto: Tamara Lorenz<\/p>\n<\/figure>\n<p><\/p>\n<p><\/p>\n<p class=\"wp-block-heading is-style-default\"><span class=\"theming-custom\">The Painting \u2018Black Square on a White Background\u2019 by Kasimir Malevich was seen by the public for the first time in December 1915 at an exhibition with the seemingly iconoclastic name \u2018Last Futurist Exhibition 0.10\u2019 in St. Petersburg. This radically formal abstraction represented more than just a break from figurative painting; it marked the beginning of a new political aesthetic. By deliberately exhibiting his square in the so-called \u2018icon corner\u2019, a space in Russian Orthodox households traditionally reserved for displaying religious icons, Malevich elevated his abstract image, which, strictly speaking, painting over a figurative work, to a kind of sacred image of the modern age. The placement of his square in a gallery space that otherwise followed the Petersburg style of hanging was a deconstructive gesture intended to make it clear that art was no longer limited to narrative or representative content, but rather carried with it a radical potential for transforming perception and society. Over the course of the following decades art history recorded how abstraction transcended political statement by placing the power of form above mere representation, in doing so it raised the question of how art and the political are intertwined, and how sometimes in competition with one another.\u00a0<\/span><\/p>\n<p><\/p>\n<p><\/p>\n<div class=\"module-container-custom module-container-root\">\n<div class=\"heading-module-ab25cb6e-dcad-4d0a-ac51-32802e5482e5 heading-root\">\n<div>\n<p><span class=\"theming-custom\">The \u2018Black Square\u2019 has outlasted the political, social, media-historical and artistic revolutions of the 20th century, and yet in the face of the complex social challenges of our time, radical abstraction seems to have reached its own limits. For the exhibition at Gallery Petra Martinetz Jonas H\u00f6schl and Jody Korbach present works by the artists collective IRWIN that utilise the political potential of art as a medium to deal with current political and social problems. They raise questions and put forward arguments on the subjects of belonging and social criticism, as well as identity and consumption.<\/span><\/p>\n<p><span class=\"theming-custom\">The Petersburg style of hanging, in which the walls are densely covered with artworks, plays an important role as an overarching organising principle in the curation of the exhibition by the participating artists. Originally used in 18th-century salons, this form of presentation takes on a significance of its own in the context of this exhibition: it symbolises the flood of political stimuli and the complex structures in which content acquires meaning. The contextualisation of images in associative grids had already been established as a method in visual studies during the early twentieth century, notably by the art and cultural historian Aby Warburg (1866\u20131929) in the panels of the Mnemosyne Atlas. By presenting the works, in which the artists each operate in their own visual language, side by side in the exhibition \u2018Soft Targets\u2019, a visual system of reference is created that reveals connections between capitalism, politics and cultural identity \u2013 as can be seen, for example, in the works of Jody Korbach. Jonas H\u00f6schl deals with human destinies, political power struggles and the media representation of these events in his series of prints entitled \u2018Europe is Lost\u2019 (2018), just one of his works in the exhibition. Central to the artistic work of the IRWIN collective is the use of existing image material as visual samples \u2013 a reproductive approach that Aby Warburg&#8217;s image atlas also benefited from about a hundred years ago.\u00a0<\/span><br \/><br \/><span class=\"theming-custom\">Together, these three artistic positions demonstrate how art can react to political and social issues in a diverse and multifaceted manner. In this way, the exhibition \u2018Soft Targets\u2019 invites its viewers to question the power and significance of images in political discourse.\u00a0<\/span><\/p>\n<p><em><strong><span class=\"theming-custom\">Elif Aky\u00fcz, art historian<\/span><\/strong><\/em><\/p>\n<\/div>\n<\/div>\n<\/div>\n<p><\/p>\n<p><\/p>\n<figure class=\"wp-block-gallery has-nested-images columns-default is-cropped wp-block-gallery-2 is-layout-flex wp-block-gallery-is-layout-flex\"><\/p>\n<p><\/p>\n<p><\/p>\n<p><\/p>\n<p><\/p>\n<p><\/p>\n<p><\/p>\n<p><\/p>\n<p><\/p>\n<p><\/p>\n<p><\/p>\n<p><\/p>\n<p><\/p>\n<p><\/p>\n<p><\/p>\n<p><\/p>\n<p><\/p>\n<p><\/p>\n<p><\/p>\n<p><\/p>\n<p><\/p>\n<\/figure>\n<p><\/p>\t\t\t\t\t\t\t\t<\/div>\n\t\t\t\t<\/div>\n\t\t\t\t\t<\/div>\n\t\t<\/div>\n\t\t\t\t\t<\/div>\n\t\t<\/section>\n\t\t\t\t<section class=\"elementor-section elementor-top-section elementor-element elementor-element-a645708 elementor-section-boxed elementor-section-height-default elementor-section-height-default\" data-id=\"a645708\" data-element_type=\"section\" data-e-type=\"section\">\n\t\t\t\t\t\t<div class=\"elementor-container elementor-column-gap-default\">\n\t\t\t\t\t<div class=\"elementor-column elementor-col-100 elementor-top-column elementor-element elementor-element-a5605a7\" data-id=\"a5605a7\" data-element_type=\"column\" data-e-type=\"column\">\n\t\t\t<div class=\"elementor-widget-wrap elementor-element-populated\">\n\t\t\t\t\t\t<div class=\"elementor-element elementor-element-6291d1d elementor-widget elementor-widget-gallery\" data-id=\"6291d1d\" data-element_type=\"widget\" data-e-type=\"widget\" data-settings=\"{&quot;lazyload&quot;:&quot;yes&quot;,&quot;gallery_layout&quot;:&quot;grid&quot;,&quot;columns&quot;:4,&quot;columns_tablet&quot;:2,&quot;columns_mobile&quot;:1,&quot;gap&quot;:{&quot;unit&quot;:&quot;px&quot;,&quot;size&quot;:10,&quot;sizes&quot;:[]},&quot;gap_tablet&quot;:{&quot;unit&quot;:&quot;px&quot;,&quot;size&quot;:10,&quot;sizes&quot;:[]},&quot;gap_mobile&quot;:{&quot;unit&quot;:&quot;px&quot;,&quot;size&quot;:10,&quot;sizes&quot;:[]},&quot;link_to&quot;:&quot;file&quot;,&quot;aspect_ratio&quot;:&quot;3:2&quot;,&quot;overlay_background&quot;:&quot;yes&quot;,&quot;content_hover_animation&quot;:&quot;fade-in&quot;}\" data-widget_type=\"gallery.default\">\n\t\t\t\t<div class=\"elementor-widget-container\">\n\t\t\t\t\t\t\t<div class=\"elementor-gallery__container\">\n\t\t\t\t\t\t\t<a class=\"e-gallery-item elementor-gallery-item elementor-animated-content\" href=\"https:\/\/jodykorbach.de\/wp-content\/uploads\/2025\/01\/photo_8_2025-01-12_14-46-09.jpg\" data-elementor-open-lightbox=\"yes\" data-elementor-lightbox-slideshow=\"6291d1d\" data-e-action-hash=\"#elementor-action%3Aaction%3Dlightbox%26settings%3DeyJpZCI6MTM3NywidXJsIjoiaHR0cHM6XC9cL2pvZHlrb3JiYWNoLmRlXC93cC1jb250ZW50XC91cGxvYWRzXC8yMDI1XC8wMVwvcGhvdG9fOF8yMDI1LTAxLTEyXzE0LTQ2LTA5LmpwZyIsInNsaWRlc2hvdyI6IjYyOTFkMWQifQ%3D%3D\">\n\t\t\t\t\t<div class=\"e-gallery-image elementor-gallery-item__image\" data-thumbnail=\"https:\/\/jodykorbach.de\/wp-content\/uploads\/2025\/01\/photo_8_2025-01-12_14-46-09-300x225.jpg\" data-width=\"300\" data-height=\"225\" aria-label=\"\" role=\"img\" ><\/div>\n\t\t\t\t\t\t\t\t\t\t\t<div class=\"elementor-gallery-item__overlay\"><\/div>\n\t\t\t\t\t\t\t\t\t\t\t\t\t\t<\/a>\n\t\t\t\t\t\t\t<a class=\"e-gallery-item elementor-gallery-item elementor-animated-content\" href=\"https:\/\/jodykorbach.de\/wp-content\/uploads\/2025\/01\/DI_6562_small.jpg\" data-elementor-open-lightbox=\"yes\" data-elementor-lightbox-slideshow=\"6291d1d\" data-e-action-hash=\"#elementor-action%3Aaction%3Dlightbox%26settings%3DeyJpZCI6MTM2NSwidXJsIjoiaHR0cHM6XC9cL2pvZHlrb3JiYWNoLmRlXC93cC1jb250ZW50XC91cGxvYWRzXC8yMDI1XC8wMVwvRElfNjU2Ml9zbWFsbC5qcGciLCJzbGlkZXNob3ciOiI2MjkxZDFkIn0%3D\">\n\t\t\t\t\t<div class=\"e-gallery-image elementor-gallery-item__image\" data-thumbnail=\"https:\/\/jodykorbach.de\/wp-content\/uploads\/2025\/01\/DI_6562_small-300x200.jpg\" data-width=\"300\" data-height=\"200\" aria-label=\"\" role=\"img\" ><\/div>\n\t\t\t\t\t\t\t\t\t\t\t<div class=\"elementor-gallery-item__overlay\"><\/div>\n\t\t\t\t\t\t\t\t\t\t\t\t\t\t<\/a>\n\t\t\t\t\t\t\t<a class=\"e-gallery-item elementor-gallery-item elementor-animated-content\" href=\"https:\/\/jodykorbach.de\/wp-content\/uploads\/2024\/11\/jodykorbach_okt2024_10-scaled.jpg\" data-elementor-open-lightbox=\"yes\" data-elementor-lightbox-slideshow=\"6291d1d\" data-elementor-lightbox-title=\"Deutsches Rotes Kreuz (Nach Malewitsch) | 2024 | \u00d6l auf Biermarken in Plexiglasrahmen | 65 x 65 cm | Sammlung der Kunsthalle Recklinghausen\" data-e-action-hash=\"#elementor-action%3Aaction%3Dlightbox%26settings%3DeyJpZCI6MTMyMiwidXJsIjoiaHR0cHM6XC9cL2pvZHlrb3JiYWNoLmRlXC93cC1jb250ZW50XC91cGxvYWRzXC8yMDI0XC8xMVwvam9keWtvcmJhY2hfb2t0MjAyNF8xMC1zY2FsZWQuanBnIiwic2xpZGVzaG93IjoiNjI5MWQxZCJ9\">\n\t\t\t\t\t<div class=\"e-gallery-image elementor-gallery-item__image\" data-thumbnail=\"https:\/\/jodykorbach.de\/wp-content\/uploads\/2024\/11\/jodykorbach_okt2024_10-300x300.jpg\" data-width=\"300\" data-height=\"300\" aria-label=\"\" role=\"img\" ><\/div>\n\t\t\t\t\t\t\t\t\t\t\t<div class=\"elementor-gallery-item__overlay\"><\/div>\n\t\t\t\t\t\t\t\t\t\t\t\t\t\t<\/a>\n\t\t\t\t\t\t\t<a class=\"e-gallery-item elementor-gallery-item elementor-animated-content\" href=\"https:\/\/jodykorbach.de\/wp-content\/uploads\/2025\/01\/DI_6573_small.jpg\" data-elementor-open-lightbox=\"yes\" data-elementor-lightbox-slideshow=\"6291d1d\" data-e-action-hash=\"#elementor-action%3Aaction%3Dlightbox%26settings%3DeyJpZCI6MTM3MCwidXJsIjoiaHR0cHM6XC9cL2pvZHlrb3JiYWNoLmRlXC93cC1jb250ZW50XC91cGxvYWRzXC8yMDI1XC8wMVwvRElfNjU3M19zbWFsbC5qcGciLCJzbGlkZXNob3ciOiI2MjkxZDFkIn0%3D\">\n\t\t\t\t\t<div class=\"e-gallery-image elementor-gallery-item__image\" data-thumbnail=\"https:\/\/jodykorbach.de\/wp-content\/uploads\/2025\/01\/DI_6573_small-300x196.jpg\" data-width=\"300\" data-height=\"196\" aria-label=\"\" role=\"img\" ><\/div>\n\t\t\t\t\t\t\t\t\t\t\t<div class=\"elementor-gallery-item__overlay\"><\/div>\n\t\t\t\t\t\t\t\t\t\t\t\t\t\t<\/a>\n\t\t\t\t\t\t\t<a class=\"e-gallery-item elementor-gallery-item elementor-animated-content\" href=\"https:\/\/jodykorbach.de\/wp-content\/uploads\/2025\/01\/jodykorbach_okt2024_07_altweiss-scaled.jpg\" data-elementor-open-lightbox=\"yes\" data-elementor-lightbox-slideshow=\"6291d1d\" data-elementor-lightbox-title=\"Dummheit frisst, Intelligenz s\u00e4uft und raucht | Fineliner and Pencil on Beer-Token | 50 x 70 cm\" data-e-action-hash=\"#elementor-action%3Aaction%3Dlightbox%26settings%3DeyJpZCI6MTM4NSwidXJsIjoiaHR0cHM6XC9cL2pvZHlrb3JiYWNoLmRlXC93cC1jb250ZW50XC91cGxvYWRzXC8yMDI1XC8wMVwvam9keWtvcmJhY2hfb2t0MjAyNF8wN19hbHR3ZWlzcy1zY2FsZWQuanBnIiwic2xpZGVzaG93IjoiNjI5MWQxZCJ9\">\n\t\t\t\t\t<div class=\"e-gallery-image elementor-gallery-item__image\" data-thumbnail=\"https:\/\/jodykorbach.de\/wp-content\/uploads\/2025\/01\/jodykorbach_okt2024_07_altweiss-227x300.jpg\" data-width=\"227\" data-height=\"300\" aria-label=\"\" role=\"img\" ><\/div>\n\t\t\t\t\t\t\t\t\t\t\t<div class=\"elementor-gallery-item__overlay\"><\/div>\n\t\t\t\t\t\t\t\t\t\t\t\t\t\t<\/a>\n\t\t\t\t\t\t\t<a class=\"e-gallery-item elementor-gallery-item elementor-animated-content\" href=\"https:\/\/jodykorbach.de\/wp-content\/uploads\/2025\/01\/DI_6563_small.jpg\" data-elementor-open-lightbox=\"yes\" data-elementor-lightbox-slideshow=\"6291d1d\" data-e-action-hash=\"#elementor-action%3Aaction%3Dlightbox%26settings%3DeyJpZCI6MTM2NywidXJsIjoiaHR0cHM6XC9cL2pvZHlrb3JiYWNoLmRlXC93cC1jb250ZW50XC91cGxvYWRzXC8yMDI1XC8wMVwvRElfNjU2M19zbWFsbC5qcGciLCJzbGlkZXNob3ciOiI2MjkxZDFkIn0%3D\">\n\t\t\t\t\t<div class=\"e-gallery-image elementor-gallery-item__image\" data-thumbnail=\"https:\/\/jodykorbach.de\/wp-content\/uploads\/2025\/01\/DI_6563_small-300x199.jpg\" data-width=\"300\" data-height=\"199\" aria-label=\"\" role=\"img\" ><\/div>\n\t\t\t\t\t\t\t\t\t\t\t<div class=\"elementor-gallery-item__overlay\"><\/div>\n\t\t\t\t\t\t\t\t\t\t\t\t\t\t<\/a>\n\t\t\t\t\t\t\t<a class=\"e-gallery-item elementor-gallery-item elementor-animated-content\" href=\"https:\/\/jodykorbach.de\/wp-content\/uploads\/2024\/11\/jody_repros_sept2024_03-scaled.jpg\" data-elementor-open-lightbox=\"yes\" data-elementor-lightbox-slideshow=\"6291d1d\" data-elementor-lightbox-title=\"K\u00f6nig Alkohol (Grim 104) | 2024 | Biermarken, Tusche, Rigips, Lack, Schattenfuge | 30 x 24 cm | Foto: Johannes Bendzulla\" data-e-action-hash=\"#elementor-action%3Aaction%3Dlightbox%26settings%3DeyJpZCI6MTMxMywidXJsIjoiaHR0cHM6XC9cL2pvZHlrb3JiYWNoLmRlXC93cC1jb250ZW50XC91cGxvYWRzXC8yMDI0XC8xMVwvam9keV9yZXByb3Nfc2VwdDIwMjRfMDMtc2NhbGVkLmpwZyIsInNsaWRlc2hvdyI6IjYyOTFkMWQifQ%3D%3D\">\n\t\t\t\t\t<div class=\"e-gallery-image elementor-gallery-item__image\" data-thumbnail=\"https:\/\/jodykorbach.de\/wp-content\/uploads\/2024\/11\/jody_repros_sept2024_03-254x300.jpg\" data-width=\"254\" data-height=\"300\" aria-label=\"\" role=\"img\" ><\/div>\n\t\t\t\t\t\t\t\t\t\t\t<div class=\"elementor-gallery-item__overlay\"><\/div>\n\t\t\t\t\t\t\t\t\t\t\t\t\t\t<\/a>\n\t\t\t\t\t\t\t<a class=\"e-gallery-item elementor-gallery-item elementor-animated-content\" href=\"https:\/\/jodykorbach.de\/wp-content\/uploads\/2024\/11\/jodykorbach_okt2024_09x-scaled.jpg\" data-elementor-open-lightbox=\"yes\" data-elementor-lightbox-slideshow=\"6291d1d\" data-elementor-lightbox-title=\"Fr\u00fcchte des Zorns (Gerd Albartus ist tot) | 2024 | Aquarell | 80 x 60 cm | Foto: Johannes Bendzulla\" data-e-action-hash=\"#elementor-action%3Aaction%3Dlightbox%26settings%3DeyJpZCI6MTMyMSwidXJsIjoiaHR0cHM6XC9cL2pvZHlrb3JiYWNoLmRlXC93cC1jb250ZW50XC91cGxvYWRzXC8yMDI0XC8xMVwvam9keWtvcmJhY2hfb2t0MjAyNF8wOXgtc2NhbGVkLmpwZyIsInNsaWRlc2hvdyI6IjYyOTFkMWQifQ%3D%3D\">\n\t\t\t\t\t<div class=\"e-gallery-image elementor-gallery-item__image\" data-thumbnail=\"https:\/\/jodykorbach.de\/wp-content\/uploads\/2024\/11\/jodykorbach_okt2024_09x-238x300.jpg\" data-width=\"238\" data-height=\"300\" aria-label=\"\" role=\"img\" ><\/div>\n\t\t\t\t\t\t\t\t\t\t\t<div class=\"elementor-gallery-item__overlay\"><\/div>\n\t\t\t\t\t\t\t\t\t\t\t\t\t\t<\/a>\n\t\t\t\t\t\t\t<a class=\"e-gallery-item elementor-gallery-item elementor-animated-content\" href=\"https:\/\/jodykorbach.de\/wp-content\/uploads\/2025\/01\/DI_6564_small.jpg\" data-elementor-open-lightbox=\"yes\" data-elementor-lightbox-slideshow=\"6291d1d\" data-e-action-hash=\"#elementor-action%3Aaction%3Dlightbox%26settings%3DeyJpZCI6MTM2OCwidXJsIjoiaHR0cHM6XC9cL2pvZHlrb3JiYWNoLmRlXC93cC1jb250ZW50XC91cGxvYWRzXC8yMDI1XC8wMVwvRElfNjU2NF9zbWFsbC5qcGciLCJzbGlkZXNob3ciOiI2MjkxZDFkIn0%3D\">\n\t\t\t\t\t<div class=\"e-gallery-image elementor-gallery-item__image\" data-thumbnail=\"https:\/\/jodykorbach.de\/wp-content\/uploads\/2025\/01\/DI_6564_small-300x200.jpg\" data-width=\"300\" data-height=\"200\" aria-label=\"\" role=\"img\" ><\/div>\n\t\t\t\t\t\t\t\t\t\t\t<div class=\"elementor-gallery-item__overlay\"><\/div>\n\t\t\t\t\t\t\t\t\t\t\t\t\t\t<\/a>\n\t\t\t\t\t\t\t<a class=\"e-gallery-item elementor-gallery-item elementor-animated-content\" href=\"https:\/\/jodykorbach.de\/wp-content\/uploads\/2025\/01\/DI_6571_small.jpg\" data-elementor-open-lightbox=\"yes\" data-elementor-lightbox-slideshow=\"6291d1d\" data-e-action-hash=\"#elementor-action%3Aaction%3Dlightbox%26settings%3DeyJpZCI6MTM2OSwidXJsIjoiaHR0cHM6XC9cL2pvZHlrb3JiYWNoLmRlXC93cC1jb250ZW50XC91cGxvYWRzXC8yMDI1XC8wMVwvRElfNjU3MV9zbWFsbC5qcGciLCJzbGlkZXNob3ciOiI2MjkxZDFkIn0%3D\">\n\t\t\t\t\t<div class=\"e-gallery-image elementor-gallery-item__image\" data-thumbnail=\"https:\/\/jodykorbach.de\/wp-content\/uploads\/2025\/01\/DI_6571_small-300x200.jpg\" data-width=\"300\" data-height=\"200\" aria-label=\"\" role=\"img\" ><\/div>\n\t\t\t\t\t\t\t\t\t\t\t<div class=\"elementor-gallery-item__overlay\"><\/div>\n\t\t\t\t\t\t\t\t\t\t\t\t\t\t<\/a>\n\t\t\t\t\t\t\t<a class=\"e-gallery-item elementor-gallery-item elementor-animated-content\" href=\"https:\/\/jodykorbach.de\/wp-content\/uploads\/2024\/05\/Kanzlerportrait_JohannesBendzulla-scaled.jpg\" data-elementor-open-lightbox=\"yes\" data-elementor-lightbox-slideshow=\"6291d1d\" data-elementor-lightbox-title=\"Kanzlerportrait | 2024 | Aquarell | 63 x 49 cm | Sammlung des Haus der Geschichte der Bundesrepublik Deutschland Bonn\" data-e-action-hash=\"#elementor-action%3Aaction%3Dlightbox%26settings%3DeyJpZCI6MTE3OSwidXJsIjoiaHR0cHM6XC9cL2pvZHlrb3JiYWNoLmRlXC93cC1jb250ZW50XC91cGxvYWRzXC8yMDI0XC8wNVwvS2FuemxlcnBvcnRyYWl0X0pvaGFubmVzQmVuZHp1bGxhLXNjYWxlZC5qcGciLCJzbGlkZXNob3ciOiI2MjkxZDFkIn0%3D\">\n\t\t\t\t\t<div class=\"e-gallery-image elementor-gallery-item__image\" data-thumbnail=\"https:\/\/jodykorbach.de\/wp-content\/uploads\/2024\/05\/Kanzlerportrait_JohannesBendzulla-247x300.jpg\" data-width=\"247\" data-height=\"300\" aria-label=\"\" role=\"img\" ><\/div>\n\t\t\t\t\t\t\t\t\t\t\t<div class=\"elementor-gallery-item__overlay\"><\/div>\n\t\t\t\t\t\t\t\t\t\t\t\t\t\t<\/a>\n\t\t\t\t\t\t\t<a class=\"e-gallery-item elementor-gallery-item elementor-animated-content\" href=\"https:\/\/jodykorbach.de\/wp-content\/uploads\/2024\/11\/jodykorbach_okt2024_01-scaled.jpg\" data-elementor-open-lightbox=\"yes\" data-elementor-lightbox-slideshow=\"6291d1d\" data-elementor-lightbox-title=\"Harlekin #2 | 2024 | Wertmarken, Lack, Rigips | 40 x 27 cm | Foto: Johannes Bendzulla\" data-e-action-hash=\"#elementor-action%3Aaction%3Dlightbox%26settings%3DeyJpZCI6MTMxNSwidXJsIjoiaHR0cHM6XC9cL2pvZHlrb3JiYWNoLmRlXC93cC1jb250ZW50XC91cGxvYWRzXC8yMDI0XC8xMVwvam9keWtvcmJhY2hfb2t0MjAyNF8wMS1zY2FsZWQuanBnIiwic2xpZGVzaG93IjoiNjI5MWQxZCJ9\">\n\t\t\t\t\t<div class=\"e-gallery-image elementor-gallery-item__image\" data-thumbnail=\"https:\/\/jodykorbach.de\/wp-content\/uploads\/2024\/11\/jodykorbach_okt2024_01-220x300.jpg\" data-width=\"220\" data-height=\"300\" aria-label=\"\" role=\"img\" ><\/div>\n\t\t\t\t\t\t\t\t\t\t\t<div class=\"elementor-gallery-item__overlay\"><\/div>\n\t\t\t\t\t\t\t\t\t\t\t\t\t\t<\/a>\n\t\t\t\t\t\t\t<a class=\"e-gallery-item elementor-gallery-item elementor-animated-content\" href=\"https:\/\/jodykorbach.de\/wp-content\/uploads\/2024\/11\/jodykorbach_okt2024_05-scaled.jpg\" data-elementor-open-lightbox=\"yes\" data-elementor-lightbox-slideshow=\"6291d1d\" data-elementor-lightbox-title=\"That&#039;s a promise (Dona) | 2024 | Coupons, Lack, \u00d6l, Tusche, Rigips, Schattenfuge | 30 x 40 cm | Foto: Johannes Bendzulla\" data-e-action-hash=\"#elementor-action%3Aaction%3Dlightbox%26settings%3DeyJpZCI6MTMxOCwidXJsIjoiaHR0cHM6XC9cL2pvZHlrb3JiYWNoLmRlXC93cC1jb250ZW50XC91cGxvYWRzXC8yMDI0XC8xMVwvam9keWtvcmJhY2hfb2t0MjAyNF8wNS1zY2FsZWQuanBnIiwic2xpZGVzaG93IjoiNjI5MWQxZCJ9\">\n\t\t\t\t\t<div class=\"e-gallery-image elementor-gallery-item__image\" data-thumbnail=\"https:\/\/jodykorbach.de\/wp-content\/uploads\/2024\/11\/jodykorbach_okt2024_05-300x244.jpg\" data-width=\"300\" data-height=\"244\" aria-label=\"\" role=\"img\" ><\/div>\n\t\t\t\t\t\t\t\t\t\t\t<div class=\"elementor-gallery-item__overlay\"><\/div>\n\t\t\t\t\t\t\t\t\t\t\t\t\t\t<\/a>\n\t\t\t\t\t\t\t<a class=\"e-gallery-item elementor-gallery-item elementor-animated-content\" href=\"https:\/\/jodykorbach.de\/wp-content\/uploads\/2024\/05\/Reisegenuss2-scaled.jpg\" data-elementor-open-lightbox=\"yes\" data-elementor-lightbox-slideshow=\"6291d1d\" data-elementor-lightbox-title=\"Reisegenuss II | 2024 | Aquarell | 50 x 70 cm | Foto: Johannes Bendzulla\" data-e-action-hash=\"#elementor-action%3Aaction%3Dlightbox%26settings%3DeyJpZCI6MTE4MSwidXJsIjoiaHR0cHM6XC9cL2pvZHlrb3JiYWNoLmRlXC93cC1jb250ZW50XC91cGxvYWRzXC8yMDI0XC8wNVwvUmVpc2VnZW51c3MyLXNjYWxlZC5qcGciLCJzbGlkZXNob3ciOiI2MjkxZDFkIn0%3D\">\n\t\t\t\t\t<div class=\"e-gallery-image elementor-gallery-item__image\" data-thumbnail=\"https:\/\/jodykorbach.de\/wp-content\/uploads\/2024\/05\/Reisegenuss2-300x234.jpg\" data-width=\"300\" data-height=\"234\" aria-label=\"\" role=\"img\" ><\/div>\n\t\t\t\t\t\t\t\t\t\t\t<div class=\"elementor-gallery-item__overlay\"><\/div>\n\t\t\t\t\t\t\t\t\t\t\t\t\t\t<\/a>\n\t\t\t\t\t\t\t<a class=\"e-gallery-item elementor-gallery-item elementor-animated-content\" href=\"https:\/\/jodykorbach.de\/wp-content\/uploads\/2024\/11\/jodykorbach_okt2024_04-scaled.jpg\" data-elementor-open-lightbox=\"yes\" data-elementor-lightbox-slideshow=\"6291d1d\" data-elementor-lightbox-title=\"Einzelt\u00e4ter #1 | 2024 | Coupons, Lack, Rigips, Schattenfuge | 40 x 30 cm | Foto: Johannes Bendzulla\" data-e-action-hash=\"#elementor-action%3Aaction%3Dlightbox%26settings%3DeyJpZCI6MTMxNywidXJsIjoiaHR0cHM6XC9cL2pvZHlrb3JiYWNoLmRlXC93cC1jb250ZW50XC91cGxvYWRzXC8yMDI0XC8xMVwvam9keWtvcmJhY2hfb2t0MjAyNF8wNC1zY2FsZWQuanBnIiwic2xpZGVzaG93IjoiNjI5MWQxZCJ9\">\n\t\t\t\t\t<div class=\"e-gallery-image elementor-gallery-item__image\" data-thumbnail=\"https:\/\/jodykorbach.de\/wp-content\/uploads\/2024\/11\/jodykorbach_okt2024_04-300x243.jpg\" data-width=\"300\" data-height=\"243\" aria-label=\"\" role=\"img\" ><\/div>\n\t\t\t\t\t\t\t\t\t\t\t<div class=\"elementor-gallery-item__overlay\"><\/div>\n\t\t\t\t\t\t\t\t\t\t\t\t\t\t<\/a>\n\t\t\t\t\t\t\t<a class=\"e-gallery-item elementor-gallery-item elementor-animated-content\" href=\"https:\/\/jodykorbach.de\/wp-content\/uploads\/2025\/01\/DI_6588_small.jpg\" data-elementor-open-lightbox=\"yes\" data-elementor-lightbox-slideshow=\"6291d1d\" data-e-action-hash=\"#elementor-action%3Aaction%3Dlightbox%26settings%3DeyJpZCI6MTM3MSwidXJsIjoiaHR0cHM6XC9cL2pvZHlrb3JiYWNoLmRlXC93cC1jb250ZW50XC91cGxvYWRzXC8yMDI1XC8wMVwvRElfNjU4OF9zbWFsbC5qcGciLCJzbGlkZXNob3ciOiI2MjkxZDFkIn0%3D\">\n\t\t\t\t\t<div class=\"e-gallery-image elementor-gallery-item__image\" data-thumbnail=\"https:\/\/jodykorbach.de\/wp-content\/uploads\/2025\/01\/DI_6588_small-300x191.jpg\" data-width=\"300\" data-height=\"191\" aria-label=\"\" role=\"img\" ><\/div>\n\t\t\t\t\t\t\t\t\t\t\t<div class=\"elementor-gallery-item__overlay\"><\/div>\n\t\t\t\t\t\t\t\t\t\t\t\t\t\t<\/a>\n\t\t\t\t\t<\/div>\n\t\t\t\t\t<\/div>\n\t\t\t\t<\/div>\n\t\t\t\t\t<\/div>\n\t\t<\/div>\n\t\t\t\t\t<\/div>\n\t\t<\/section>\n\t\t\t\t<\/div>\n\t\t","protected":false},"excerpt":{"rendered":"<p>Gruppenausstellung in der Galerie MARTINETZ, K\u00f6ln[English below] Jonas H\u00f6schlIRWINJody Korbach 18.10.-30.11.2024FINISSAGE mit K\u00fcnstlergespr\u00e4ch 30.11. | 16 Uhr Im Dezember 1915 wurde in einer St. Petersburger Ausstellung mit dem ikonoklastisch anmutenden Namen \u203aLetzte futuristische Ausstellung 0,10\u2039 ein in seiner Bildsprache buchst\u00e4blich ikonoklastisches Gem\u00e4lde Kasimir Malewitschs erstmals der \u00d6ffentlichkeit gezeigt: Das \u00bbSchwarze Quadrat auf wei\u00dfen Grund\u00ab. Diese &hellip; <\/p>\n<p class=\"link-more\"><a href=\"https:\/\/jodykorbach.de\/werk\/2024\/10\/18\/soft-targets\/\" class=\"more-link\"><span class=\"screen-reader-text\">\u201eSoft Targets\u201c<\/span> weiterlesen<\/a><\/p>\n","protected":false},"author":2,"featured_media":1377,"comment_status":"open","ping_status":"open","sticky":false,"template":"","format":"standard","meta":{"footnotes":""},"categories":[13],"tags":[],"class_list":["post-1364","post","type-post","status-publish","format-standard","has-post-thumbnail","hentry","category-group"],"_links":{"self":[{"href":"https:\/\/jodykorbach.de\/werk\/wp-json\/wp\/v2\/posts\/1364","targetHints":{"allow":["GET"]}}],"collection":[{"href":"https:\/\/jodykorbach.de\/werk\/wp-json\/wp\/v2\/posts"}],"about":[{"href":"https:\/\/jodykorbach.de\/werk\/wp-json\/wp\/v2\/types\/post"}],"author":[{"embeddable":true,"href":"https:\/\/jodykorbach.de\/werk\/wp-json\/wp\/v2\/users\/2"}],"replies":[{"embeddable":true,"href":"https:\/\/jodykorbach.de\/werk\/wp-json\/wp\/v2\/comments?post=1364"}],"version-history":[{"count":14,"href":"https:\/\/jodykorbach.de\/werk\/wp-json\/wp\/v2\/posts\/1364\/revisions"}],"predecessor-version":[{"id":1390,"href":"https:\/\/jodykorbach.de\/werk\/wp-json\/wp\/v2\/posts\/1364\/revisions\/1390"}],"wp:featuredmedia":[{"embeddable":true,"href":"https:\/\/jodykorbach.de\/werk\/wp-json\/wp\/v2\/media\/1377"}],"wp:attachment":[{"href":"https:\/\/jodykorbach.de\/werk\/wp-json\/wp\/v2\/media?parent=1364"}],"wp:term":[{"taxonomy":"category","embeddable":true,"href":"https:\/\/jodykorbach.de\/werk\/wp-json\/wp\/v2\/categories?post=1364"},{"taxonomy":"post_tag","embeddable":true,"href":"https:\/\/jodykorbach.de\/werk\/wp-json\/wp\/v2\/tags?post=1364"}],"curies":[{"name":"wp","href":"https:\/\/api.w.org\/{rel}","templated":true}]}}